{"id":2201,"date":"2012-05-15T11:42:46","date_gmt":"2012-05-15T11:42:46","guid":{"rendered":"https:\/\/jovicadjurdjic.com\/?p=2201"},"modified":"2013-02-16T09:04:44","modified_gmt":"2013-02-16T09:04:44","slug":"milan-nenadic-pismo-kceri","status":"publish","type":"post","link":"https:\/\/jovicadjurdjic.com\/?p=2201","title":{"rendered":"Milan NENADI\u0106: Pismo k\u0107eri"},"content":{"rendered":"<p align=\"center\">PISMO K\u0106ERI<\/p>\n<p><em>\u00a0 \u00a0 \u00a0 \u00a0 \u00a0 \u00a0 \u00a0 \u00a0 \u00a0 \u00a0 \u00a0 \u00a0 \u00a0 \u00a0 \u00a0 \u00a0 \u00a0 \u00a0 \u00a0 \u00a0 \u00a0 \u00a0 \u00a0 \u00a0 \u00a0 \u00a0 \u00a0 \u00a0 \u00a0 \u00a0 \u00a0 \u00a0 \u00a0 \u00a0 \u00a0 \u00a0 \u00a0 \u00a0 \u00a0 \u00a0 \u00a0 \u00a0 \u00a0 \u00a0 \u00a0 \u00a0 \u00a0 \u00a0 \u00a0 Mariji<\/em><\/p>\n<p>Razmi\u0161ljam o no\u0107i punoga meseca<\/p>\n<p>Kad \u0107e bogo\u010dovek strasno da zajeca<\/p>\n<p>I klekne, skru\u0161eno, pred tvojom nagotom,<\/p>\n<p>Drhte\u0107i nespretno, kunu\u0107i se potom<\/p>\n<p>Jedinim \u017eivotom, majkom, nebesima,<\/p>\n<p>Ko da u re\u010dima klju\u010de sveta ima<\/p>\n<p>Ili, lep\u0161e re\u0107i, klju\u010de tvoga tela<\/p>\n<p>O koje se lomi krhka mu\u0161ka strela,<\/p>\n<p>&nbsp;<\/p>\n<p>Eto, o toj no\u0107i, kojoj slu\u017ee svici<\/p>\n<p>Da se, uznesena, na\u0111e\u0161 na ivici<\/p>\n<p>Samo jedne tajne, jedinog otkri\u0107a<\/p>\n<p>Da si Majka Zemlja i Pramajka Bi\u0107a,<\/p>\n<p>I da nisi \u010dedo kao mladi sveci<\/p>\n<p>Ve\u0107 iskra u kojoj prebivaju preci,<\/p>\n<p>&nbsp;<\/p>\n<p>Eto, o toj no\u0107i, o besmrtnom huku,<\/p>\n<p>Kad se svemir za\u010dne i u tvome struku,<\/p>\n<p>Razmiljam rukama punim hladne glave:<\/p>\n<p>Ho\u0107e\u0161 biti svesna sna koliko jave<\/p>\n<p>Da si posle zemnog, nevinog bunila,<\/p>\n<p>Ostala Bo\u017eanstvo, kao \u0161to si i bila.<\/p>\n<p>&nbsp;<\/p>\n<p>&nbsp;<\/p>\n<p>MOST<\/p>\n<p>&nbsp;<\/p>\n<p>Filipe, lepi sine, prevedi oca preko,<\/p>\n<p>Ti si jedini most nad ovom silnom rekom.<\/p>\n<p>&nbsp;<\/p>\n<p>Kakav sam ja otac i kakva su mi bra\u0107a,<\/p>\n<p>Neka te ne \u010dudi \u0161to nam se ni\u010dim vra\u0107a.<\/p>\n<p>&nbsp;<\/p>\n<p>Pita\u0107e\u0161 \u0161ta je bilo. Grozno je na\u0161e nasle\u0111e.<\/p>\n<p>Stoka \u0107e preplivati, a ti \u0107e\u0161, putem, sve re\u0111e<\/p>\n<p>&nbsp;<\/p>\n<p>Vi\u0111ati pravog \u010doveka &#8211; umro je On kad i ja,<\/p>\n<p>Zato se preko reke jedino nebo nadvija.<\/p>\n<p>&nbsp;<\/p>\n<p>Virnem ja, kradom, kroz tvojne \u010darno oko<\/p>\n<p>I vidim da \u0107e\u0161 preko, ko ljeljen, jednim skokom.<\/p>\n<p>&nbsp;<\/p>\n<p>Priznajem, nisam \u010demu. To je od oca dosta.<\/p>\n<p>Ipak me, pod starost molim, prokradi preko mosta.<\/p>\n<p>&nbsp;<\/p>\n<p>Kad ka\u017eem preko Mosta, ja mislim preko Veka.<\/p>\n<p>Vide\u0107e\u0161 &#8211; \u010dovek je Ni\u0161ta. Ve\u010dna je samo Reka.<\/p>\n<p>&nbsp;<\/p>\n<p><em>Novi Sad, \u0110ur\u0111evdan 1999.<\/em><\/p>\n<p>&nbsp;<\/p>\n<p>&nbsp;<\/p>\n<p>POLA KAPI ROSE<\/p>\n<p>&nbsp;<\/p>\n<p>Na ivici \u017eutoj zelenoga lista,<\/p>\n<p>Pola kapi rose suvim zlatom blista.<\/p>\n<p>&nbsp;<\/p>\n<p>U to pola kapi sve je \u017eivo stalo,<\/p>\n<p>U njoj jasno vidim i mog bi\u0107a malo<\/p>\n<p>&nbsp;<\/p>\n<p>Kroz pola dragulja kojeg sjaj odaje,<\/p>\n<p>Pratim moje snanne, skladne zaveslaje<\/p>\n<p>&nbsp;<\/p>\n<p>\u0160to za tok ne mare, kao ni za reku,<\/p>\n<p>I \u0161to, uz maticu, mo\u0107nu vodu seku&#8230;<\/p>\n<p>&nbsp;<\/p>\n<p>Rasanjen se trgnem, pro\u017ee\u017een do bola,<\/p>\n<p>\u0160to kap nije cela, \u0161to je kapi pola,<\/p>\n<p>&nbsp;<\/p>\n<p>\u0160to zbog te\u017eeg dela, vi\u0161i zakon sklada!,<\/p>\n<p>Cela kap, sa lista, po\u010dinje da pada.<\/p>\n<p>&nbsp;<\/p>\n<p><em>Novi Sad, 2002.<\/em><em><\/em><\/p>\n","protected":false},"excerpt":{"rendered":"<p>&nbsp;<\/p>\n<p>Razmi\u0161ljam o no\u0107i punoga meseca<\/p>\n<p>Kad \u0107e bogo\u010dovek strasno da zajeca<\/p>\n<p>I klekne, skru\u0161eno, pred tvojom nagotom,<\/p>\n<p>Drhte\u0107i nespretno, kunu\u0107i se potom<\/p>\n<p>Jedinim \u017eivotom, majkom, nebesima,<\/p>\n<p>Ko da u re\u010dima klju\u010de sveta ima<\/p>\n<p>Ili, lep\u0161e re\u0107i, klju\u010de tvoga tela<\/p>\n<p>O koje se lomi krhka mu\u0161ka strela,<\/p>\n","protected":false},"author":2,"featured_media":0,"comment_status":"open","ping_status":"open","sticky":false,"template":"","format":"standard","meta":[],"categories":[18],"tags":[],"aioseo_notices":[],"_links":{"self":[{"href":"https:\/\/jovicadjurdjic.com\/index.php?rest_route=\/wp\/v2\/posts\/2201"}],"collection":[{"href":"https:\/\/jovicadjurdjic.com\/index.php?rest_route=\/wp\/v2\/posts"}],"about":[{"href":"https:\/\/jovicadjurdjic.com\/index.php?rest_route=\/wp\/v2\/types\/post"}],"author":[{"embeddable":true,"href":"https:\/\/jovicadjurdjic.com\/index.php?rest_route=\/wp\/v2\/users\/2"}],"replies":[{"embeddable":true,"href":"https:\/\/jovicadjurdjic.com\/index.php?rest_route=%2Fwp%2Fv2%2Fcomments&post=2201"}],"version-history":[{"count":6,"href":"https:\/\/jovicadjurdjic.com\/index.php?rest_route=\/wp\/v2\/posts\/2201\/revisions"}],"predecessor-version":[{"id":2203,"href":"https:\/\/jovicadjurdjic.com\/index.php?rest_route=\/wp\/v2\/posts\/2201\/revisions\/2203"}],"wp:attachment":[{"href":"https:\/\/jovicadjurdjic.com\/index.php?rest_route=%2Fwp%2Fv2%2Fmedia&parent=2201"}],"wp:term":[{"taxonomy":"category","embeddable":true,"href":"https:\/\/jovicadjurdjic.com\/index.php?rest_route=%2Fwp%2Fv2%2Fcategories&post=2201"},{"taxonomy":"post_tag","embeddable":true,"href":"https:\/\/jovicadjurdjic.com\/index.php?rest_route=%2Fwp%2Fv2%2Ftags&post=2201"}],"curies":[{"name":"wp","href":"https:\/\/api.w.org\/{rel}","templated":true}]}}