{"id":2345,"date":"2013-02-16T11:01:55","date_gmt":"2013-02-16T11:01:55","guid":{"rendered":"https:\/\/jovicadjurdjic.com\/?p=2345"},"modified":"2017-08-21T20:45:47","modified_gmt":"2017-08-21T19:45:47","slug":"pero-zubac-odbrana-secanja","status":"publish","type":"post","link":"https:\/\/jovicadjurdjic.com\/?p=2345","title":{"rendered":"Pero ZUBAC, Odabrana se\u0107anja"},"content":{"rendered":"<p>ODBRANA SE\u0106ANJA<\/p>\n<p>&nbsp;<\/p>\n<p>Nije to ta bol taj grumen krhkog se\u0107anja<\/p>\n<p>\u0160ta se pod grlom kadikad zano\u0107i javne<\/p>\n<p>I nije uzaludna molitva i za mlado\u0161\u0107u \u017eal.<\/p>\n<p>&nbsp;<\/p>\n<p>Ne umem da imenujem tu \u0107utnju \u0161to me smara<\/p>\n<p>Ko da sve be\u0161e tren kao nad gradom \u017edral<\/p>\n<p>\u0160to je proleteo one jeseni davne<\/p>\n<p>A ostao u nebu sve ove godine izgnanstva<\/p>\n<p>I poku\u0161aja da se zaboravi to \u0161to je stara<\/p>\n<p>Ljubav ve\u0107 a \u010dista mladost be\u0161e.<\/p>\n<p>&nbsp;<\/p>\n<p>Kao da sve to i nije ta bol koju znam<\/p>\n<p>I gustog se\u0107anja skrama i kao da nisam sve ove<\/p>\n<p>Godine i sam kanio da izbri\u0161em te dane<\/p>\n<p>Kao gumicom dete na hartiji neuspelu pticu<\/p>\n<p>Kao da je to \u0161to kazujem izvan mene<\/p>\n<p>I ne li\u010di na sve \u0161to bi no na snove<\/p>\n<p>One mladosti jedine prozirne rane<\/p>\n<p>Kada prva ljubav po\u010dinje da vene<\/p>\n<p>Kao u vrtu cvet. I davna lica se sme\u0161e<\/p>\n<p>Sa fotografija koje nagriza vreme.<\/p>\n<p>&nbsp;<\/p>\n<p>I od svega od godina tih koje ne sta\u0161e<\/p>\n<p>U moju pesmu ostala je mo\u017eda vrednija<\/p>\n<p>Od svega neprimetna i stalna suza<\/p>\n<p>Na mome licu.<\/p>\n<p>&nbsp;<\/p>\n<p>Nehtev opisati i zapisati ljubav detinju<\/p>\n<p>\u010cistu kao ugriz jabuke i toplu kao mleko,<\/p>\n<p>Dolazak ushitni septembarski u krilo<\/p>\n<p>Internatu i drugovima od zlata<\/p>\n<p>I tugu nesnosnu predletnju kad<\/p>\n<p>Grune rastanak junski<\/p>\n<p>&nbsp;<\/p>\n<p>I kad se u zavi\u010daj vra\u0107a jo\u0161 de\u010dak<\/p>\n<p>Koji se ne razaznaje u ljubavi<\/p>\n<p>&nbsp;<\/p>\n<p>A\u00a0 ne ume u dugim pismima<\/p>\n<p>Da ka\u017ee da je grad ceo i sve \u0161to je<\/p>\n<p>Grad i reka i \u0161uma iza grada i<\/p>\n<p>Gimnazijski hodnici i knjige i ti\u0161ine<\/p>\n<p>Samo Smiljana \u017dupunski.<\/p>\n<p>&nbsp;<\/p>\n<p>&nbsp;<\/p>\n<p>Kako samo ljubav mo\u017ee da bude<\/p>\n<p>Nevina i naivna kao rana pesma kao<\/p>\n<p>Marama \u010dista bela koja zaklanja maj\u010dino lice.<\/p>\n<p>Te slike iz detinjstva kako umeju da zabole<\/p>\n<p>I kako iz daleka sada sve to izgleda<\/p>\n<p>Tako blizu u nekoj prosvetljenoj gami<\/p>\n<p>Kao da nismo to mi koji se u se\u0107anju razmi\u010du<\/p>\n<p>Nego neki drugi koji se gledaju i vole<\/p>\n<p>I razmenjuju pisma puna o\u010dajanja.<\/p>\n<p>Kao da je to samo davni san koji se isponova<\/p>\n<p>Sanja a jo\u0161 je Begej zelen i nesru\u0161ene ku\u0107e<\/p>\n<p>U kojima smo svanjivali opijeni strahom<\/p>\n<p>Od budu\u0107nosti i slatkim pi\u0107em nade.<\/p>\n<p>&nbsp;<\/p>\n<p>Gledam u slova na dopisnicama koje mi pisa<\/p>\n<p>Ve\u0107 ostareli Todor Manojlovi\u0107, zaboravljeni<\/p>\n<p>Klasik koji pi\u0161e i hrabri gimnazistu.<\/p>\n<p>Slova su crna i jasna i on mi jasno prolazi<\/p>\n<p>Iza zena pognut ka malenoj ku\u0107i uz reku<\/p>\n<p>A ona lagano kako je to umela sa knjigama pod<\/p>\n<p>Mi\u0161kom i ponekom plo\u010dom na kojoj neko svira \u0160opena<\/p>\n<p>Opet uz reku ku\u0107i \u010dija sam okna video iz internata<\/p>\n<p>U Kidri\u010devoj koje nema vi\u0161e i kojeg nema vi\u0161e.<\/p>\n<p>&nbsp;<\/p>\n<p>I sve \u0161to verova i sve u \u0161to verova dok disa<\/p>\n<p>Onaj de\u010dak davni zrenjaninski jo\u0161 plane u meni<\/p>\n<p>Kadikad kao sve\u0107a iz detinjstva uz sliku neku \u010distu<\/p>\n<p>I jasnu kao scena iz filma gledanog tako davno<\/p>\n<p>U zrenjaninskom kinu.<\/p>\n<p>A\u00a0\u00a0 sve je minulo ve\u0107 i vode vi\u0161e ne teku<\/p>\n<p>Kuda su tekle nakada i nije vi\u0161e nad nam svod<\/p>\n<p>Tako proziran i plav. A i sad poneka davna re\u010d njena<\/p>\n<p>U se\u0107anju se javi da se ne pla\u0161i Perica da \u0107e biti vrata<\/p>\n<p>Koja \u0107e se otvarati a da i ne zna za\u0161to. I da \u0107e uvek ki\u0161e<\/p>\n<p>Biti plave kako ih je video de\u010dak s prozora<\/p>\n<p>\u0110a\u010dkog doma.<\/p>\n<p>&nbsp;<\/p>\n<p>I da \u0107e biti dobro. I da \u0107e biti nas. I da se ne\u0107emo<\/p>\n<p>Nikada nikada u vremenu koje nas razmi\u010de<\/p>\n<p>Pogubiti i prestati da razmenjujemo re\u010di.<\/p>\n<p>&nbsp;<\/p>\n<p>Kako je dalek vitki zvonik sa Beren\u0111ijine slike<\/p>\n<p>I kako me gleda devojka sa Zdravkovog platna<\/p>\n<p>Upitno kao da pita za\u0161to sve ove re\u010di ispisujem sada<\/p>\n<p>Kada pro\u0161lo sve je.<\/p>\n<p>&nbsp;<\/p>\n<p>I rasuti su moji drugovi i radost me osokoli kad god<\/p>\n<p>Ih sretnem u svetu. I lepe devoj\u010dice iz moga razreda.<\/p>\n<p>I grad koji me ne prepoznaje kao svoga jer rane pesme<\/p>\n<p>U njemu pisah. No kao nekoga koji ne pripada gradu,<\/p>\n<p>Kao stranca koji mu se ne divi jer zna \u0161ta se izmenilo<\/p>\n<p>I koliko je lepote nestalo. A nastalo kada njega ne bi tu.<\/p>\n<p>I on je ne prepoznaje.<\/p>\n<p>&nbsp;<\/p>\n<p>Davno bi to leto.<\/p>\n<p>A i danas sveto i nepromenjenim sjajem u meni zri.<\/p>\n<p>&nbsp;<\/p>\n<p>I da te upitam kao \u0161to si ti mene pitala<\/p>\n<p>Dragim Crnjanskovim stihom:<\/p>\n<p>\u201dGde si sad ti.\u201d ?<\/p>\n<p>&nbsp;<\/p>\n<p><em>NOVI SAD, posle razgovora sa S.M. 29. aprila, no\u0107u 2oo4.<\/em><\/p>\n","protected":false},"excerpt":{"rendered":"<p>&nbsp;<\/p>\n<p>Nije to ta bol taj grumen krhkog se\u0107anja<\/p>\n<p>\u0160ta se pod grlom kadikad zano\u0107i javne<\/p>\n<p>I nije uzaludna molitva i za mlado\u0161\u0107u \u017eal.<\/p>\n","protected":false},"author":2,"featured_media":0,"comment_status":"open","ping_status":"open","sticky":false,"template":"","format":"standard","meta":[],"categories":[18],"tags":[],"aioseo_notices":[],"_links":{"self":[{"href":"https:\/\/jovicadjurdjic.com\/index.php?rest_route=\/wp\/v2\/posts\/2345"}],"collection":[{"href":"https:\/\/jovicadjurdjic.com\/index.php?rest_route=\/wp\/v2\/posts"}],"about":[{"href":"https:\/\/jovicadjurdjic.com\/index.php?rest_route=\/wp\/v2\/types\/post"}],"author":[{"embeddable":true,"href":"https:\/\/jovicadjurdjic.com\/index.php?rest_route=\/wp\/v2\/users\/2"}],"replies":[{"embeddable":true,"href":"https:\/\/jovicadjurdjic.com\/index.php?rest_route=%2Fwp%2Fv2%2Fcomments&post=2345"}],"version-history":[{"count":5,"href":"https:\/\/jovicadjurdjic.com\/index.php?rest_route=\/wp\/v2\/posts\/2345\/revisions"}],"predecessor-version":[{"id":2777,"href":"https:\/\/jovicadjurdjic.com\/index.php?rest_route=\/wp\/v2\/posts\/2345\/revisions\/2777"}],"wp:attachment":[{"href":"https:\/\/jovicadjurdjic.com\/index.php?rest_route=%2Fwp%2Fv2%2Fmedia&parent=2345"}],"wp:term":[{"taxonomy":"category","embeddable":true,"href":"https:\/\/jovicadjurdjic.com\/index.php?rest_route=%2Fwp%2Fv2%2Fcategories&post=2345"},{"taxonomy":"post_tag","embeddable":true,"href":"https:\/\/jovicadjurdjic.com\/index.php?rest_route=%2Fwp%2Fv2%2Ftags&post=2345"}],"curies":[{"name":"wp","href":"https:\/\/api.w.org\/{rel}","templated":true}]}}