{"id":344,"date":"2011-12-24T10:29:57","date_gmt":"2011-12-24T10:29:57","guid":{"rendered":"https:\/\/jovicadjurdjic.com\/?p=344"},"modified":"2012-06-03T07:26:13","modified_gmt":"2012-06-03T07:26:13","slug":"pesma-o-imenjaku","status":"publish","type":"post","link":"https:\/\/jovicadjurdjic.com\/?p=344","title":{"rendered":"PESME IZ KNJIGE \u201dLETO BEZ VERONIKE\u201d"},"content":{"rendered":"<p><em>Ako \u017eelite pogledati ilustraciju u ve\u0107oj veli\u010dini, kliknite na nju.\u00a0<\/em><\/p>\n<p><em>\u00a0\u00a0<\/em><\/p>\n<p>\u00a0KAKO SE PI\u0160U NAJLJUBAVNIJE PESME<\/p>\n<p>&nbsp;<\/p>\n<p>Najljubavnije pesme se pi\u0161u<br \/>Tako da jednostavno po\u010dinju,<br \/>Da na njenu kosu miri\u0161u \u2013<br \/>I toplu \u0161iroku du\u0161u de\u010dinju.<\/p>\n<p>Onako ba\u0161 savim jedostavno,<br \/>Kad se njih dvoje jednom sretnu,<br \/>I zatrepere iznenada ljubavno \u2013<br \/>Na neku melodiju lepu i setnu.<\/p>\n<p>Pi\u0161u se bez ruku i bez pera,<br \/>Tek pogledom jednim tajnim, lako,<br \/>Kad ih niko na to ne tera \u2013<br \/>Pi\u0161u se usnama, ne\u017eno, ba\u0161 tako.<\/p>\n<p>Najljubavniju pesmu du\u0161om i o\u010dima<br \/>Pi\u0161u oni koji bez nje ne mogu.<br \/>Ne pi\u0161u je slovima i re\u010dima \u2013<br \/>Nego zaljubljivanjem od malih nogu.<\/p>\n<p>&nbsp;<\/p>\n<p>\u017dIRAFE ISPIJAJU KAFE<\/p>\n<p>&nbsp;<\/p>\n<p><a href=\"https:\/\/jovicadjurdjic.com\/wp-content\/uploads\/2011\/12\/zirafe-ispijaju-kafu1.jpg\"><img loading=\"lazy\" class=\"alignleft size-medium wp-image-1457\" title=\"zirafe-ispijaju-kafu\" src=\"https:\/\/jovicadjurdjic.com\/wp-content\/uploads\/2011\/12\/zirafe-ispijaju-kafu1-207x300.jpg\" alt=\"\" width=\"207\" height=\"300\" srcset=\"https:\/\/jovicadjurdjic.com\/wp-content\/uploads\/2011\/12\/zirafe-ispijaju-kafu1-207x300.jpg 207w, https:\/\/jovicadjurdjic.com\/wp-content\/uploads\/2011\/12\/zirafe-ispijaju-kafu1.jpg 411w\" sizes=\"(max-width: 207px) 100vw, 207px\" \/><\/a>Miri\u0161u lipe, mirno je podne,<br \/>Za stolom sede tri \u017eirafe,<br \/>Vrlo otmene i mnogo zgodne,<br \/>Razgovor vode i piju kafe.<\/p>\n<p>U hladu lepe pri\u010de se rode,<br \/>Uz kapu\u0107ino sa malo pene;<br \/>Va\u017ene im teme iz sveta mode,<br \/>O \u010demu drugom bi pri\u010dale \u017eene.<\/p>\n<p>O haljinama boje rumenog vina<br \/>\u010ciju tkaninu sunce pozlati,<br \/>Ba\u0161 takvu je kupila \u017eirafa fina,<br \/>Re\u010d po re\u010d, a polako teku sati.<\/p>\n<p>Ve\u0107 je ve\u010de, odasvud miris sipa,<br \/>Nedostaje draga jednom lafu&#8230;<br \/>\u017dirafon se pojavi ispod lipa \u2013<br \/>Da povede ku\u0107i svoju \u017eirafu.<\/p>\n<p>&nbsp;<\/p>\n<p style=\"text-align: center;\">MIRIS ANINE KOSE<\/p>\n<p>&nbsp;<\/p>\n<p><a href=\"https:\/\/jovicadjurdjic.com\/wp-content\/uploads\/2011\/12\/lepa-Ana-1-199x3001.jpg\"><img loading=\"lazy\" class=\"alignleft size-full wp-image-1427\" title=\"lepa-Ana-1-199x300\" src=\"https:\/\/jovicadjurdjic.com\/wp-content\/uploads\/2011\/12\/lepa-Ana-1-199x3001.jpg\" alt=\"\" width=\"199\" height=\"300\" \/><\/a>Anina kosa miri\u0161e na lekovite trave<br \/>Od kojih se razni \u010dajevi prave.<\/p>\n<p>Dok le\u017eimo tako na cvetu i cvetu,<br \/>Vidim, Ana vi\u0161e ne nalikuje detetu.<\/p>\n<p>Odjednom je izrasla u lepu devojku,<br \/>Sa suncem na licu, zvezdom u uvojku.<\/p>\n<p>Miri\u0161e kosa cve\u0107em budu\u0107eg \u010daja,<br \/>Taj prosuti miris lako me osvaja.<\/p>\n<p>Na Zvezdari, u tom \u0161umskom raju,<br \/>Zahvaljujem cve\u0107u, budu\u0107em \u010daju.<\/p>\n<p>&nbsp;<\/p>\n<p>&nbsp;<\/p>\n<p>DARIVANJE<\/p>\n<p>&nbsp;<\/p>\n<p>Daj da bi dobio i da ti se vrati,<br \/>Ko bujni cvetovi s kapima ki\u0161e.<br \/>Zapamti: Ko daje uvek \u0107e imati,<br \/>Ako i malo daje\u0161, dobi\u0107e\u0161 vi\u0161e.<\/p>\n<p>Dok dani detinjstva i sre\u0107e lete,<br \/>A ti sve lepo deli\u0161 s drugarima<br \/>I oni \u0107e uvek tebe da se sete \u2013<br \/>Jer, sre\u0107a je u malim stvarima.<\/p>\n<p>Tako \u0107e lepota u tebe da se to\u010di,<br \/>Da te osvajaju sre\u0107a i dobrota&#8230;<br \/>Onda \u0107e\u0161 ugledati njene drage o\u010di \u2013<br \/>I od tad \u0107ete deliti sve celog \u017eivota.<\/p>\n<p>&nbsp;<\/p>\n<p style=\"text-align: center;\">OSMEH IZ \u0160KOLSKE KLUPE<\/p>\n<p>&nbsp;<\/p>\n<p><a href=\"https:\/\/jovicadjurdjic.com\/wp-content\/uploads\/2011\/12\/osmeh-iz-skolske-klupe1.jpg\"><img loading=\"lazy\" class=\"alignleft size-full wp-image-1443\" title=\"osmeh-iz-skolske-klupe\" src=\"https:\/\/jovicadjurdjic.com\/wp-content\/uploads\/2011\/12\/osmeh-iz-skolske-klupe1.jpg\" alt=\"\" width=\"264\" height=\"300\" \/><\/a>Ponekad tiho, kradomice i ne\u017eno,<br \/>Kad u\u010diteljica na\u010das pogled skrene<br \/>Na tablu, prozor, ili brdo sne\u017eno,<br \/>Tvoj osmeh doleti i mene prene.<\/p>\n<p>Vani je zima, a meni toplo, eto.<br \/>Zalud pahuljice i vetrovi re\u017eu.<br \/>Zaplamti vatra, u grudima leto,<br \/>Dok nam se osmesi u nit ve\u017eu.<\/p>\n<p>\u010cekam kraj \u010dasa i \u0161kolsko zvono,<br \/>Da \u017eagor razredom naglo pote\u010de.<br \/>Hteo bih ti re\u0107i lepo i ovo i ono \u2013<br \/>Ipak, ostajem nem, a ne\u0161to me pe\u010de.<\/p>\n<p>&nbsp;<\/p>\n<p>&nbsp;<\/p>\n<p>\u00a0PRVI POLJUBAC<\/p>\n<p>&nbsp;<\/p>\n<p>Prvi poljubac je kad se ne ume,<br \/>A \u017eeli i ho\u0107e, pa ko razume.<\/p>\n<p>Kad ode\u0161 s njom u Zvezdarsku \u0161umu,<br \/>Da je poljubi\u0161, stalno ti je na umu.<\/p>\n<p>A ona lepa ko pti\u010dica iz gnezda,<br \/>I ona bi htela, al&#8217; ni ona ne zna.<\/p>\n<p>A onda, eto, i to se desi \u2013<br \/>Ni ona ne zna, a ni ti gde si.<\/p>\n<p>&nbsp;<\/p>\n<p>TAJNE LJUBAVI<\/p>\n<p>&nbsp;<\/p>\n<p>Kad ona drugog potajno voli,<br \/>A i zbog nje tajno neko drugi pati,<br \/>Onda to potiho oboje boli \u2013<br \/>Jer ni jednom ljubav da se uzvrati.<\/p>\n<p>Onda onog u kog se tajno zaljubila<br \/>Iznenada odvede \u0161mizla neka&#8230;<br \/>Tad shvati: Pa, ja sam izgubila!<br \/>I u\u010dini joj se svaka sre\u0107a daleka.<\/p>\n<p>A onda onaj \u0161to je nju voleo tajno,<br \/>U njen \u017eivot ipak sre\u0107no svrati.<br \/>Pa im je odjednom oboma sjajno,<br \/>Ni jedno vi\u0161e ni za \u010dim ne pati.<\/p>\n<p>&nbsp;<\/p>\n<p>JA HO\u0106U ZNATI SVE O VO\u0106U<\/p>\n<p>&nbsp;<\/p>\n<p>Ja ne znam ali znati ba\u0161 ho\u0107u,<br \/> Kako to zdravlje \u010du\u010di u vo\u0107u.<\/p>\n<p><a href=\"https:\/\/jovicadjurdjic.com\/wp-content\/uploads\/2011\/12\/Voce-225x3001.jpg\"><img loading=\"lazy\" class=\"alignleft size-full wp-image-1407\" title=\"Voce-225x300\" src=\"https:\/\/jovicadjurdjic.com\/wp-content\/uploads\/2011\/12\/Voce-225x3001.jpg\" alt=\"\" width=\"225\" height=\"300\" \/><\/a>Kako su to jabuke rumene fine<br \/> Pozobale sunce i vitamine?<\/p>\n<p>Kako je to kru\u0161ka bujna i rodna,<br \/> Za na\u0161e zdravlje toliko zgodna?<\/p>\n<p>Moram li ba\u0161 tako svakog dana,<br \/> Ko majmun pojesti pet banana?<\/p>\n<p>Zar deca samo sve to s grane<br \/> Stalno da klopaju i da tamane?<\/p>\n<p>Ja bih \u010dokolade, kao opanci \u2013<br \/> Pa \u0107ao \u0111aci, \u0107ao Indijanci.<\/p>\n<p>&nbsp;<\/p>\n<p>&nbsp;<\/p>\n<p>\u017dENIDBA<\/p>\n<p>&nbsp;<\/p>\n<p>Odlu\u010dio sam da se \u017eenim i o\u017eeni\u0107u se Milicom,<br \/>Onom iz prve klupe, najlep\u0161om devoj\u010dicom.<\/p>\n<p>Mogao bih i ne\u017enom Anom \u0161to ima dugu kosu,<br \/>Kao klikere nemirne o\u010di i male pegice na nosu.<\/p>\n<p>I Bosa je lepa, i ona crnokosa \u017divana,<br \/>A svi\u0111a mi se neobi\u010dno i plava Ivana.<\/p>\n<p>Poverio sam to dedi, kakva velika gre\u0161ka \u2013<br \/>Nasmejao se i po\u010deo brkove da \u010de\u0161ka.<\/p>\n<p>Pocrveneh tada kao zaljubljeni bubamarac,<br \/>Odlu\u010dih \u2013 \u017eeni\u0107u se kad budem pravi mu\u0161karac.<\/p>\n<p>&nbsp;<\/p>\n<p>D\u017dABA STE KRE\u010cILI<\/p>\n<p>&nbsp;<\/p>\n<p>Na lepim ku\u0107ama ba\u0161 svih boja,<br \/>Gde su zidovi do ju\u010de \u010disti bili,<br \/>Opet pi\u0161e:\u00a0<em>Volim te! Ana je samo moja.<\/em><br \/>Eto za\u0161to ste d\u017eaba kre\u010dili.<\/p>\n<p><a href=\"https:\/\/jovicadjurdjic.com\/wp-content\/uploads\/2011\/12\/dzaba-ste-krecili1.jpg\"><img loading=\"lazy\" class=\"alignleft size-medium wp-image-1438\" title=\"dzaba-ste-krecili\" src=\"https:\/\/jovicadjurdjic.com\/wp-content\/uploads\/2011\/12\/dzaba-ste-krecili1-300x300.jpg\" alt=\"\" width=\"300\" height=\"300\" srcset=\"https:\/\/jovicadjurdjic.com\/wp-content\/uploads\/2011\/12\/dzaba-ste-krecili1-300x300.jpg 300w, https:\/\/jovicadjurdjic.com\/wp-content\/uploads\/2011\/12\/dzaba-ste-krecili1-150x150.jpg 150w, https:\/\/jovicadjurdjic.com\/wp-content\/uploads\/2011\/12\/dzaba-ste-krecili1.jpg 340w\" sizes=\"(max-width: 300px) 100vw, 300px\" \/><\/a>Svi ka\u017eu: \u0160teta lepe fasade!<br \/>Ljuti na onog \u0161to to na\u0161kraba.<br \/>Kad li samo uspe\u0161e to da urade?<br \/>Ipak ste opet kre\u010dili d\u017eaba.<\/p>\n<p><em>Ko ti je ukrao zvezde iz o\u010diju, Ana?<\/em><br \/>Ima ba\u0161 i veoma lepih poruka.<br \/>Napisa li neko ovo no\u0107u ili usred dana,<br \/>I da li mu od toga zadrhta ruka?<\/p>\n<p>Gle kako je ova lepa ograda glatka!<br \/>Al&#8217; svu je grafiti porukama zakre\u010dili.<br \/>Na njoj je ljubavna re\u010denica slatka&#8230;<br \/>\u017dao nam je, d\u017eaba ste kre\u010dili.<\/p>\n<p>A<em>na je najlep\u0161i cvet \u0161to miri\u0161e!<\/em><br \/>Da to napi\u0161e, nisu ga spre\u010dili.<br \/>Poruka je odasvud sve vi\u0161e i vi\u0161e \u2013<br \/>D\u017eaba je, kre\u010dili ili ne kre\u010dili!<\/p>\n<p><em>Ja ovo nisam napisao!<\/em><br \/>Na jednom od zidova stoji.<br \/>Ma, ipak sam napisao i zbrisao,<br \/>A moler stalno nek boji i boji.<\/p>\n<p>Ne ljutite se na dane na\u0161e mladosti.<br \/>Lako se ponovo oboji zid ili taraba.<br \/>Unapred, zbog ljubavi da nam se oprosti!<br \/>Ipak, poru\u010dujemo: Ne kre\u010dite d\u017eaba.<\/p>\n<div>\u00a0<\/div>\n<div>LEPA ANA<\/div>\n<div>\u00a0<\/div>\n<div>\n<p><a href=\"https:\/\/jovicadjurdjic.com\/wp-content\/uploads\/2011\/12\/lepa-ana-242x3001.jpg\"><img loading=\"lazy\" class=\"alignleft size-full wp-image-1452\" title=\"lepa-ana-242x300\" src=\"https:\/\/jovicadjurdjic.com\/wp-content\/uploads\/2011\/12\/lepa-ana-242x3001.jpg\" alt=\"\" width=\"242\" height=\"300\" \/><\/a>Celi je razred saznao jednog dana,<br \/>Da je u mom srcu stalno lepa Ana.<\/p>\n<p>Kako su saznali, ba\u0161 mi nije jasno,<br \/>\u010cuvao sam tu tajnu \u010dvrsto i \u010dasno.<\/p>\n<p>Sad se lepa Ana kao malo duri, pati,<br \/>Ali ipak \u010desto do moje klupe svrati.<\/p>\n<p>Onda se nakon ljutnje \u010darobno nasme\u0161i<br \/>I namah moj ljubavni problem re\u0161i.<\/p>\n<p>O Ana, An\u010dice, zlatna p\u010delice u cvetu<br \/>Daj ne zameri ovom blesavom detetu.<\/p>\n<\/div>\n<div>\u00a0<\/div>\n<p>&nbsp;<\/p>\n<p>DARVINE, ISPECI PA RECI<\/p>\n<p>&nbsp;<\/p>\n<p><a href=\"https:\/\/jovicadjurdjic.com\/wp-content\/uploads\/2011\/12\/Darvineispeci-pa-reci-207x3001.jpg\"><img loading=\"lazy\" class=\"alignleft size-full wp-image-1422\" title=\"Darvineispeci-pa-reci-207x300\" src=\"https:\/\/jovicadjurdjic.com\/wp-content\/uploads\/2011\/12\/Darvineispeci-pa-reci-207x3001.jpg\" alt=\"\" width=\"207\" height=\"300\" \/><\/a>Darvine, majka mu stara,<br \/>\u0160ta istini odgovara? Iza \u010dega bi danas stao:<br \/>Od \u010dega je \u010dovek postao?<\/p>\n<p>Istina je da \u010dovek voli banane,<br \/>Al&#8217; ne verujem da je si\u0161ao s grane.<\/p>\n<p>Otkud stigo\u0161e na\u0161i preci,<br \/>\u010cove\u010dice i \u010doveci?<br \/>Darvine, ispeci pa reci,<br \/>Jesu li bili i ribe u reci?<\/p>\n<p>Istina da \u010dovek voli banane,<br \/>Al&#8217; ne verujem da si\u0111e s grane.<\/p>\n<p>&nbsp;<\/p>\n<p>&nbsp;<\/p>\n<p>PESMA O IMENJAKU<\/p>\n<p>&nbsp;<\/p>\n<p>Ova je pesma nastala u jednom dahu<br \/> O mom slavnom imenjaku Johanu Bahu.<\/p>\n<p>Dok sobom lete note ko zvezdice u prahu,<br \/> Niko se ne divi meni, nego mom imenjaku.<\/p>\n<p><a href=\"https:\/\/jovicadjurdjic.com\/wp-content\/uploads\/2011\/12\/pesma-o-imenjaku.jpg\"><img loading=\"lazy\" class=\"alignleft size-medium wp-image-1347\" title=\"pesma-o-imenjaku\" src=\"https:\/\/jovicadjurdjic.com\/wp-content\/uploads\/2011\/12\/pesma-o-imenjaku-207x300.jpg\" alt=\"\" width=\"207\" height=\"300\" srcset=\"https:\/\/jovicadjurdjic.com\/wp-content\/uploads\/2011\/12\/pesma-o-imenjaku-207x300.jpg 207w, https:\/\/jovicadjurdjic.com\/wp-content\/uploads\/2011\/12\/pesma-o-imenjaku.jpg 411w\" sizes=\"(max-width: 207px) 100vw, 207px\" \/><\/a>Mene grde jer sam u jednom mahu,<br \/> Pokvario slavu svom imenjaku Bahu.<\/p>\n<p>Razbio sam tanjir, \u010diniju i \u010da\u0161u \u2013 A, hu!<\/p>\n<p>Zato vi\u0161e i ne volim imenjaka Johana<br \/> Zbog njega sam dobio batine tog dana.<\/p>\n<p>&nbsp;<\/p>\n<p>&nbsp;<\/p>\n<p>&nbsp;<\/p>\n<p>&nbsp;<\/p>\n<p>&nbsp;<\/p>\n<p>&nbsp;<\/p>\n<p>VA\u017dNA SEKUNDA ZA \u010cOVEKA<\/p>\n<p>&nbsp;<\/p>\n<p>Zatreperi\u0107e ti srce jednom,<br \/> Ko ne\u017eni list prelepe breze,<br \/> I ti odgovor tad ne\u0107e\u0161 na\u0107i \u2013<br \/> \u0160ta je srcu odjednom bez veze.<\/p>\n<p>Ne\u0107e ga upla\u0161iti vuk iz \u0161ume.<br \/> Ni\u0161ta se tome sli\u010dno ne\u0107e zbiti.<br \/> Ti tada znati ne\u0107e\u0161, lepoto moja,<br \/> Da \u0107e ti se luckasto srce zaljubiti.<\/p>\n<p>Zadrhta\u0107e odjednom, nekog trena,<br \/> Zbog jednog de\u010daka plavokosa,<br \/> \u0160to nespretno o\u010dima zverucka<br \/> I ne prilazi ti zbog stida il&#8217; ponosa.<\/p>\n<p>Od tog lepog dana, va\u017enog trena,<br \/> Ni tvoja du\u0161ica vi\u0161e ne\u0107e biti ista.<br \/> Posta\u0107e ranjiva i zaljubljena,<br \/> Al&#8217; i dalje ne\u017ena, detinje \u010dista.\u00a0<\/p>\n<p>&nbsp;<\/p>\n<p>DVA KRALJA<\/p>\n<p>&nbsp;<\/p>\n<p><a href=\"https:\/\/jovicadjurdjic.com\/wp-content\/uploads\/2011\/12\/dva-kralja-207x3001.jpg\"><img loading=\"lazy\" class=\"alignleft size-full wp-image-1411\" title=\"dva-kralja-207x300\" src=\"https:\/\/jovicadjurdjic.com\/wp-content\/uploads\/2011\/12\/dva-kralja-207x3001.jpg\" alt=\"\" width=\"207\" height=\"300\" \/><\/a>Bila jednom na svetu dva kralja<br \/>Jedan dobar, drugi \u0161to ne valja.<\/p>\n<p>Dobri kralj ba\u0161 sav od dobrote,<br \/>Onaj \u0161to ne valja sav od grozote.<\/p>\n<p>Dobri delio narodu sve \u0161to ima,<br \/>Grozni otimao \u010dak i sirotima.<\/p>\n<p>Trajalo to tako danima i danima,<br \/>Dobri kralj u pesmi i romanima.<\/p>\n<p>Dobrog narod voleo i slavio,<br \/>A groznog \u2013 narod zaboravio.<\/p>\n<p>&nbsp;<\/p>\n<p>&nbsp;<\/p>\n<p>\u00a0MEDO I P\u010cELE<\/p>\n<p>&nbsp;<\/p>\n<p>Nema na svetu ve\u0107eg smetenjaka,<br \/>Od trapavog mede, usred p\u010delinjaka.<\/p>\n<p><a href=\"https:\/\/jovicadjurdjic.com\/wp-content\/uploads\/2011\/12\/medo-i-pcele-207x3001.jpg\"><img loading=\"lazy\" class=\"alignleft size-full wp-image-1482\" title=\"medo-i-pcele-207x300\" src=\"https:\/\/jovicadjurdjic.com\/wp-content\/uploads\/2011\/12\/medo-i-pcele-207x3001.jpg\" alt=\"\" width=\"207\" height=\"300\" \/><\/a>Medi je najdra\u017ea p\u010delinja ku\u0107a,<br \/>Kojoj se do\u0161ulja pre svanu\u0107a.<\/p>\n<p>Pa prodrma ko\u0161nicu, jako, mu\u0161ki,<br \/>Da oseti med na svojoj nju\u0161ki.<\/p>\n<p>Medo je takvoj raboti vi\u010dan,<br \/>Slonu u staklari veoma sli\u010dan.<\/p>\n<p>Ne razume, jadan, u \u010demu je gre\u0161ka,<br \/>Shvati to tek kad po\u010dne da se \u010de\u0161ka.<\/p>\n<p>O koliko meda, kakva milina,<br \/>Za dlakavog i stra\u0161nog d\u017eina.<\/p>\n<p>A onda roj p\u010dela junaka stisne,<br \/>Pa medo prema \u0161umi brzo klisne.<\/p>\n<p>Navale p\u010dele i siju ubode vra\u0161ke,<br \/>A on mlatara i uzmi\u010de unatra\u0161ke.<\/p>\n<p>I \u010dim se do\u010depa zelenog grmlja,<br \/>Sav izujedan po\u010dne da mrmlja:<\/p>\n<p>\u2013 O, ko \u0107e ove bolove da sti\u0161a?<br \/>Za guzu bi mi dobro do\u0161la ki\u0161a.<\/p>\n<p>&nbsp;<\/p>\n<p>KOMARCI MALE ALE<\/p>\n<p>&nbsp;<\/p>\n<p>Kad Sini\u0161a i ujak uzmu biciklove<br \/> I krenu na Dunavo ribu da love,<\/p>\n<p><a href=\"https:\/\/jovicadjurdjic.com\/wp-content\/uploads\/2011\/12\/komarac1.jpg\"><img loading=\"lazy\" class=\"alignleft size-full wp-image-1496\" title=\"komarac\" src=\"https:\/\/jovicadjurdjic.com\/wp-content\/uploads\/2011\/12\/komarac1.jpg\" alt=\"\" width=\"220\" height=\"281\" \/><\/a>Napadnu ih komarci, dosadni stvorovi<br \/> Ko stra\u0161ne ale, opasni otrovi.<\/p>\n<p>Grizu ribe na to lepo Dunavo,<br \/> A jo\u0161 vi\u0161e lete\u0107e \u010dudo alavo.<\/p>\n<p>Dunavo \u0161iroko, ne ko neka bara,<br \/> Gle kako ujak sam sebe \u0161amara.<\/p>\n<p>I komarci akrepi mogli bi biti lepi,<br \/> Da \u010dovek od njih ne mora da strepi.<\/p>\n<p>Predla\u017eem prosto da odlete u Crepaju<br \/> I da sve te male ale tamo pokrepaju.<\/p>\n<p>&nbsp;<\/p>\n<p>KUPUS IZ FUTOGA<\/p>\n<p>&nbsp;<\/p>\n<p>Zbore ze\u010devi iz svog loga,<br \/>Kunu\u0107i se u sve do Boga:<\/p>\n<p><a href=\"https:\/\/jovicadjurdjic.com\/wp-content\/uploads\/2011\/12\/kupus-iz-futoga-207x3001.jpg\"><img loading=\"lazy\" class=\"alignleft size-full wp-image-1465\" title=\"kupus-iz-futoga-207x300\" src=\"https:\/\/jovicadjurdjic.com\/wp-content\/uploads\/2011\/12\/kupus-iz-futoga-207x3001.jpg\" alt=\"\" width=\"207\" height=\"300\" \/><\/a>Ba\u0161 ni\u0161ta bolje od toga \u2013<br \/>So\u010dnog kupusa iz Futoga.<\/p>\n<p>Dva-tri zeca, prava sloga,<br \/>Slade se kupusom iza stoga.<\/p>\n<p>Al evo gazde veoma stroga<br \/>I njegovog kera brzonoga.<\/p>\n<p>Pa usred strke i d\u017eumbusa,<br \/>Stra\u0161no psuje zbog kupusa.<\/p>\n<p>Be\u017ee ze\u010devi, sve noga, noga,<br \/>Osta gazda bez kupusa svoga.<\/p>\n<p>&nbsp;<\/p>\n<p>&nbsp;<\/p>\n<p>\u00a0IGLA U IGLU<\/p>\n<p>&nbsp;<\/p>\n<p>\u0160ta je radila igla kad je u iglu stigla?<br \/>Igla je sve Eskime na noge digla.<\/p>\n<p><a href=\"https:\/\/jovicadjurdjic.com\/wp-content\/uploads\/2011\/12\/igla-u-iglu1.jpg\"><img loading=\"lazy\" class=\"alignleft size-full wp-image-1475\" title=\"igla-u-iglu\" src=\"https:\/\/jovicadjurdjic.com\/wp-content\/uploads\/2011\/12\/igla-u-iglu1.jpg\" alt=\"\" width=\"246\" height=\"275\" \/><\/a>Za \u0161ta Eskimi da upotrebe iglu<br \/>U njihov iglu tek pristiglu?<\/p>\n<p>Jedan se polarni medo drzn&#8217;o \u2013<br \/>Pri\u0161ao blizu igluu, pa izgubio krzno.<\/p>\n<p>Sad mama Eskimka celu no\u0107 \u0161ije,<br \/>Bunde za decu da im hladno nije.<\/p>\n<p>O kako su sad lepi u tom odelu belom<br \/>Nevidljivi Eskim\u010di\u0107i u predelu celom.<\/p>\n<p>Igla je ba\u0161 \u010dudna stvar\u010dica prava<br \/>Eskim\u010di\u0107i se igraju, umorna mama spava.<\/p>\n<div>\u00a0<\/div>\n<p>\u00a0PAD<\/p>\n<p>&nbsp;<\/p>\n<p><a href=\"https:\/\/jovicadjurdjic.com\/wp-content\/uploads\/2011\/12\/pad-259x3001.jpg\"><img loading=\"lazy\" class=\"alignright size-full wp-image-1463\" title=\"pad-259x300\" src=\"https:\/\/jovicadjurdjic.com\/wp-content\/uploads\/2011\/12\/pad-259x3001.jpg\" alt=\"\" width=\"259\" height=\"300\" \/><\/a><\/p>\n<p>Kako sam tresnuo, sme\u0161no pao,<br \/>Brzo sam pao, jo\u0161 br\u017ee ustao.<\/p>\n<p>Ivana se glasno smejala tome;<br \/>Pomislih: Gotovo je, kosti se lome.<\/p>\n<p>Lako je Ivani, Ivanu ne boli&#8230;<br \/>Ljut sam na nju, al&#8217; srce je voli.<\/p>\n<p>&nbsp;<\/p>\n<p><em>Ilustrovao Mladen An\u0111elkovi\u0107<\/em><\/p>\n<p>&nbsp;<\/p>\n<p>&nbsp;<\/p>\n<p>&nbsp;<\/p>\n<p>&nbsp;<\/p>\n","protected":false},"excerpt":{"rendered":"<p>Najljubavnije pesme se pi\u0161u<br \/>Tako da jednostavno po\u010dinju,<br \/>Da na njenu kosu miri\u0161u \u2013<br \/>I toplu \u0161iroku du\u0161u de\u010dinju.<\/p>\n","protected":false},"author":2,"featured_media":2244,"comment_status":"open","ping_status":"open","sticky":false,"template":"","format":"standard","meta":[],"categories":[4],"tags":[],"aioseo_notices":[],"_links":{"self":[{"href":"https:\/\/jovicadjurdjic.com\/index.php?rest_route=\/wp\/v2\/posts\/344"}],"collection":[{"href":"https:\/\/jovicadjurdjic.com\/index.php?rest_route=\/wp\/v2\/posts"}],"about":[{"href":"https:\/\/jovicadjurdjic.com\/index.php?rest_route=\/wp\/v2\/types\/post"}],"author":[{"embeddable":true,"href":"https:\/\/jovicadjurdjic.com\/index.php?rest_route=\/wp\/v2\/users\/2"}],"replies":[{"embeddable":true,"href":"https:\/\/jovicadjurdjic.com\/index.php?rest_route=%2Fwp%2Fv2%2Fcomments&post=344"}],"version-history":[{"count":75,"href":"https:\/\/jovicadjurdjic.com\/index.php?rest_route=\/wp\/v2\/posts\/344\/revisions"}],"predecessor-version":[{"id":1346,"href":"https:\/\/jovicadjurdjic.com\/index.php?rest_route=\/wp\/v2\/posts\/344\/revisions\/1346"}],"wp:featuredmedia":[{"embeddable":true,"href":"https:\/\/jovicadjurdjic.com\/index.php?rest_route=\/wp\/v2\/media\/2244"}],"wp:attachment":[{"href":"https:\/\/jovicadjurdjic.com\/index.php?rest_route=%2Fwp%2Fv2%2Fmedia&parent=344"}],"wp:term":[{"taxonomy":"category","embeddable":true,"href":"https:\/\/jovicadjurdjic.com\/index.php?rest_route=%2Fwp%2Fv2%2Fcategories&post=344"},{"taxonomy":"post_tag","embeddable":true,"href":"https:\/\/jovicadjurdjic.com\/index.php?rest_route=%2Fwp%2Fv2%2Ftags&post=344"}],"curies":[{"name":"wp","href":"https:\/\/api.w.org\/{rel}","templated":true}]}}